{"id":14,"date":"2018-11-01T18:35:12","date_gmt":"2018-11-01T18:35:12","guid":{"rendered":"https:\/\/aliviar.com.bo\/blog\/?p=14"},"modified":"2018-11-01T20:28:12","modified_gmt":"2018-11-01T20:28:12","slug":"repercusiones-en-la-prensa-sobre-la-inauguracion-de-aliviar-centro-especializado-en-el-tratamiento-integral-del-dolor","status":"publish","type":"post","link":"https:\/\/aliviar.com.bo\/blog\/repercusiones-en-la-prensa-sobre-la-inauguracion-de-aliviar-centro-especializado-en-el-tratamiento-integral-del-dolor\/","title":{"rendered":"Repercusiones en la prensa sobre la inauguraci\u00f3n de Aliviar, Centro Especializado en el Tratamiento Integral del Dolor"},"content":{"rendered":"<p>Contamos con la visita del Dr. Juan Jos\u00e9 Dubois, Director del Postgrado de Dolor de la Universidad Nacional de La Plata (Argentina).<br \/>\nTambi\u00e9n nos visit\u00f3 el Campe\u00f3n Nacional de Triatlon, el deportista Alejandro Madde quien estuvo contando los beneficios de la C\u00e1mara Hiperb\u00e1rica\u00a0<span class=\"text_exposed_show\">en el deporte.<\/span><\/p>\n<p>TURNOS Y CONSULTAS:<br \/>\n<span class=\"_5mfr\"><span class=\"_6qdm\">\u260e\ufe0f<\/span><\/span>33267700<br \/>\n<span class=\"_5mfr\"><span class=\"_6qdm\">\ud83d\udce7<\/span><\/span>contacto@aliviar.com.bo<br \/>\nCalle Barasea 56, Barrio Urbari.<br \/>\nSanta Cruz, Bolivia.<\/p>\n","protected":false},"excerpt":{"rendered":"<p>Contamos con la visita del Dr. Juan Jos\u00e9 Dubois, Director del Postgrado de Dolor de la Universidad Nacional de La Plata (Argentina). Tambi\u00e9n nos visit\u00f3 el Campe\u00f3n Nacional de Triatlon, el deportista Alejandro Madde.<\/p>\n","protected":false},"author":1,"featured_media":50,"comment_status":"open","ping_status":"open","sticky":false,"template":"","format":"standard","meta":{"_joinchat":[],"footnotes":""},"categories":[3,5,2,4],"tags":[],"post_series":[],"class_list":["post-14","post","type-post","status-publish","format-standard","has-post-thumbnail","hentry","category-camara-hiperbarica","category-cuidados-paliativos","category-dolor-cronico","category-fisioterapia","entry","has-media"],"_links":{"self":[{"href":"https:\/\/aliviar.com.bo\/blog\/wp-json\/wp\/v2\/posts\/14","targetHints":{"allow":["GET"]}}],"collection":[{"href":"https:\/\/aliviar.com.bo\/blog\/wp-json\/wp\/v2\/posts"}],"about":[{"href":"https:\/\/aliviar.com.bo\/blog\/wp-json\/wp\/v2\/types\/post"}],"author":[{"embeddable":true,"href":"https:\/\/aliviar.com.bo\/blog\/wp-json\/wp\/v2\/users\/1"}],"replies":[{"embeddable":true,"href":"https:\/\/aliviar.com.bo\/blog\/wp-json\/wp\/v2\/comments?post=14"}],"version-history":[{"count":3,"href":"https:\/\/aliviar.com.bo\/blog\/wp-json\/wp\/v2\/posts\/14\/revisions"}],"predecessor-version":[{"id":82,"href":"https:\/\/aliviar.com.bo\/blog\/wp-json\/wp\/v2\/posts\/14\/revisions\/82"}],"wp:featuredmedia":[{"embeddable":true,"href":"https:\/\/aliviar.com.bo\/blog\/wp-json\/wp\/v2\/media\/50"}],"wp:attachment":[{"href":"https:\/\/aliviar.com.bo\/blog\/wp-json\/wp\/v2\/media?parent=14"}],"wp:term":[{"taxonomy":"category","embeddable":true,"href":"https:\/\/aliviar.com.bo\/blog\/wp-json\/wp\/v2\/categories?post=14"},{"taxonomy":"post_tag","embeddable":true,"href":"https:\/\/aliviar.com.bo\/blog\/wp-json\/wp\/v2\/tags?post=14"},{"taxonomy":"post_series","embeddable":true,"href":"https:\/\/aliviar.com.bo\/blog\/wp-json\/wp\/v2\/post_series?post=14"}],"curies":[{"name":"wp","href":"https:\/\/api.w.org\/{rel}","templated":true}]}}