{"id":22,"date":"2018-11-01T18:44:24","date_gmt":"2018-11-01T18:44:24","guid":{"rendered":"https:\/\/aliviar.com.bo\/blog\/?p=22"},"modified":"2018-11-01T20:25:32","modified_gmt":"2018-11-01T20:25:32","slug":"inauguracion-de-aliviar-centro-especializado-en-el-tratamiento-integral-del-dolor","status":"publish","type":"post","link":"https:\/\/aliviar.com.bo\/blog\/inauguracion-de-aliviar-centro-especializado-en-el-tratamiento-integral-del-dolor\/","title":{"rendered":"Inauguraci\u00f3n de Aliviar, Centro Especializado en el Tratamiento Integral del Dolor"},"content":{"rendered":"<p>La inauguraci\u00f3n de Aliviar cont\u00f3 con la reconocida presentadora Carla Patricia Soria Galvarro como Maestra de Ceremonia.<\/p>\n<ul>\n<li style=\"list-style-type: none;\">\n<ul>\n<li>Ofrece tratamiento multidisciplinario del dolor cr\u00f3nico musculoesquel\u00e9tico desde una perspectiva cl\u00ednica, procedimientos m\u00ednimamente invasivos y terapias f\u00edsicas (fisiatr\u00eda y fisioterapia).<\/li>\n<li>Los pacientes oncol\u00f3gicos y sus familiares contar\u00e1n con un equipo de Cuidados Paliativos para el manejo del dolor, el aspecto emocional y la nutrici\u00f3n del paciente<\/li>\n<li>Se present\u00f3 una novedosa tecnolog\u00eda m\u00e9dica: la C\u00e1mara Hiperb\u00e1rica. Ser\u00e1 \u00fatil para pacientes con pie diab\u00e9tico, \u00falceras varicosas, medicina est\u00e9tica, rehabilitaci\u00f3n y deportistas o aficionados que deseen incrementar su rendimiento f\u00edsico.<\/li>\n<\/ul>\n<\/li>\n<\/ul>\n<p>&nbsp;<\/p>\n<p><iframe loading=\"lazy\" style=\"border: none; overflow: hidden;\" src=\"https:\/\/www.facebook.com\/plugins\/video.php?href=https%3A%2F%2Fwww.facebook.com%2FAliviar.Centro.Dolor%2Fvideos%2F247952125887952%2F&amp;show_text=0&amp;width=560\" width=\"560\" height=\"313\" frameborder=\"0\" scrolling=\"no\" allowfullscreen=\"allowfullscreen\"><\/iframe><\/p>\n<p>TURNOS Y CONSULTAS:<br \/>\n<span class=\"_5mfr\"><span class=\"_6qdm\">\u260e\ufe0f<\/span><\/span>33267700<br \/>\n<span class=\"_5mfr\"><span class=\"_6qdm\">\ud83d\udce7<\/span><\/span>contacto@aliviar.com.bo<br \/>\nCalle Barasea 56, Barrio Urbari.<br \/>\nSanta Cruz, Bolivia.<\/p>\n","protected":false},"excerpt":{"rendered":"<p>La inauguraci\u00f3n de Aliviar cont\u00f3 con la reconocida presentadora Carla Patricia Soria Galvarro como Maestra de Ceremonia.<\/p>\n","protected":false},"author":1,"featured_media":48,"comment_status":"open","ping_status":"open","sticky":false,"template":"","format":"standard","meta":{"_joinchat":[],"footnotes":""},"categories":[3,5,2,4],"tags":[],"post_series":[],"class_list":["post-22","post","type-post","status-publish","format-standard","has-post-thumbnail","hentry","category-camara-hiperbarica","category-cuidados-paliativos","category-dolor-cronico","category-fisioterapia","entry","has-media"],"_links":{"self":[{"href":"https:\/\/aliviar.com.bo\/blog\/wp-json\/wp\/v2\/posts\/22","targetHints":{"allow":["GET"]}}],"collection":[{"href":"https:\/\/aliviar.com.bo\/blog\/wp-json\/wp\/v2\/posts"}],"about":[{"href":"https:\/\/aliviar.com.bo\/blog\/wp-json\/wp\/v2\/types\/post"}],"author":[{"embeddable":true,"href":"https:\/\/aliviar.com.bo\/blog\/wp-json\/wp\/v2\/users\/1"}],"replies":[{"embeddable":true,"href":"https:\/\/aliviar.com.bo\/blog\/wp-json\/wp\/v2\/comments?post=22"}],"version-history":[{"count":3,"href":"https:\/\/aliviar.com.bo\/blog\/wp-json\/wp\/v2\/posts\/22\/revisions"}],"predecessor-version":[{"id":44,"href":"https:\/\/aliviar.com.bo\/blog\/wp-json\/wp\/v2\/posts\/22\/revisions\/44"}],"wp:featuredmedia":[{"embeddable":true,"href":"https:\/\/aliviar.com.bo\/blog\/wp-json\/wp\/v2\/media\/48"}],"wp:attachment":[{"href":"https:\/\/aliviar.com.bo\/blog\/wp-json\/wp\/v2\/media?parent=22"}],"wp:term":[{"taxonomy":"category","embeddable":true,"href":"https:\/\/aliviar.com.bo\/blog\/wp-json\/wp\/v2\/categories?post=22"},{"taxonomy":"post_tag","embeddable":true,"href":"https:\/\/aliviar.com.bo\/blog\/wp-json\/wp\/v2\/tags?post=22"},{"taxonomy":"post_series","embeddable":true,"href":"https:\/\/aliviar.com.bo\/blog\/wp-json\/wp\/v2\/post_series?post=22"}],"curies":[{"name":"wp","href":"https:\/\/api.w.org\/{rel}","templated":true}]}}